{"id":1335,"date":"2017-01-13T18:19:24","date_gmt":"2017-01-13T17:19:24","guid":{"rendered":"http:\/\/www.sprunginsleben.de\/?p=1335"},"modified":"2021-04-03T10:31:48","modified_gmt":"2021-04-03T08:31:48","slug":"prothesen-fuer-nataly","status":"publish","type":"post","link":"https:\/\/www.sprunginsleben.de\/?p=1335&lang=de","title":{"rendered":"Prothesen f\u00fcr Nataly"},"content":{"rendered":"<p>Nataly, eine unserer ersten Sch\u00fctzlinge (Lesen Sie ihre Geschichte <a href=\"https:\/\/www.sprunginsleben.de\/?p=22&amp;lang=de\">hier<\/a>), ist vollj\u00e4hrig und hat uns einen Brief geschrieben:<\/p>\n<p><em>Quito, 16. Dezember 2016<\/em><\/p>\n<p style=\"text-align: justify;\"><em>Sehr geehrte Damen und Herren von Sprung ins Leben<\/em><\/p>\n<p style=\"text-align: justify;\"><em>zun\u00e4chst m\u00f6chte Sie aus der Ferne sehr herzlich gr\u00fc\u00dfen und ihnen au\u00dferdem unendlich von ganzem Herzen f\u00fcr die Hilfe, die sie mir entgegengebracht haben, danken. F\u00fcr mich waren die Prothesen von gro\u00dfem Wert! Sie haben mir w\u00e4hrend dieser schrecklichen Zeit dabei geholfen, \u00fcber meinen eigenen Schatten zu springen. Philippa, ich w\u00fcnsche Dir das beste.<\/em><\/p>\n<p style=\"text-align: justify;\"><em>Helfen Sie alle weiter den Menschen, die es am meisten ben\u00f6tigen. Ich werde mich immer an Sie alle erinnern und nicht m\u00fcde werden Ihnen f\u00fcr all das, was Sie f\u00fcr mich getan haben, zu danken.<\/em><\/p>\n<p style=\"text-align: justify;\"><em>Passen Sie gut auf sich auf. Ich sende Ihnen alle eine Umarmung aus der Ferne und w\u00fcnsche Ihnen Erfolg und Segen.&nbsp; Diese W\u00fcnsche bringen meine Familie und ich Ihnen entgegen.<\/em><\/p>\n<p style=\"text-align: justify;\"><em>Hochachtungsvoll, Nathaly Moya<\/em><\/p>\n<p style=\"text-align: justify;\">Hier noch zwei aktuelle Bilder, die zeigen wie unauff\u00e4llig die Prothesen in bekleidetem Zustand sind, was f\u00fcr Nataly sehr wichtig ist:<\/p>\n<p style=\"text-align: justify;\"><img decoding=\"async\" loading=\"lazy\" class=\"alignleft size-medium wp-image-1332\" src=\"https:\/\/www.sprunginsleben.de\/wp-content\/uploads\/2012\/08\/1612-Nataly-mit-Prothese2-169x300.jpg\" alt=\"1612 Nataly mit Prothese2\" width=\"169\" height=\"300\" srcset=\"https:\/\/www.sprunginsleben.de\/wp-content\/uploads\/2012\/08\/1612-Nataly-mit-Prothese2-169x300.jpg 169w, https:\/\/www.sprunginsleben.de\/wp-content\/uploads\/2012\/08\/1612-Nataly-mit-Prothese2-576x1024.jpg 576w, https:\/\/www.sprunginsleben.de\/wp-content\/uploads\/2012\/08\/1612-Nataly-mit-Prothese2.jpg 648w\" sizes=\"(max-width: 169px) 100vw, 169px\" \/><\/p>\n<p style=\"text-align: justify;\">&nbsp;<img decoding=\"async\" loading=\"lazy\" class=\"alignleft size-medium wp-image-1331\" src=\"https:\/\/www.sprunginsleben.de\/wp-content\/uploads\/2012\/08\/1612-Nataly-mit-Prothese-169x300.jpg\" alt=\"1612 Nataly mit Prothese\" width=\"169\" height=\"300\" srcset=\"https:\/\/www.sprunginsleben.de\/wp-content\/uploads\/2012\/08\/1612-Nataly-mit-Prothese-169x300.jpg 169w, https:\/\/www.sprunginsleben.de\/wp-content\/uploads\/2012\/08\/1612-Nataly-mit-Prothese-576x1024.jpg 576w, https:\/\/www.sprunginsleben.de\/wp-content\/uploads\/2012\/08\/1612-Nataly-mit-Prothese.jpg 648w\" sizes=\"(max-width: 169px) 100vw, 169px\" \/><\/p>\n<p>Unterdessen ist sie eine junge Frau geworden und steht dank ihren drei Prothesen sicher im Leben.<img decoding=\"async\" loading=\"lazy\" class=\"alignnone wp-image-1584\" src=\"https:\/\/www.sprunginsleben.de\/wp-content\/uploads\/2017\/01\/P1080424-225x300.jpg\" alt=\"\" width=\"251\" height=\"335\" srcset=\"https:\/\/www.sprunginsleben.de\/wp-content\/uploads\/2017\/01\/P1080424-225x300.jpg 225w, https:\/\/www.sprunginsleben.de\/wp-content\/uploads\/2017\/01\/P1080424.jpg 270w\" sizes=\"(max-width: 251px) 100vw, 251px\" \/><\/p>\n","protected":false},"excerpt":{"rendered":"<p>Nataly, eine unserer ersten Sch\u00fctzlinge (Lesen Sie ihre Geschichte hier), ist vollj\u00e4hrig und hat uns einen Brief geschrieben: Quito, 16. Dezember 2016 Sehr geehrte Damen und Herren von Sprung ins Leben zun\u00e4chst m\u00f6chte Sie aus der Ferne sehr herzlich gr\u00fc\u00dfen und ihnen au\u00dferdem unendlich von ganzem Herzen f\u00fcr die Hilfe, die sie mir entgegengebracht haben, [&hellip;]<\/p>\n","protected":false},"author":2,"featured_media":0,"comment_status":"closed","ping_status":"closed","sticky":false,"template":"","format":"standard","meta":{"_uag_custom_page_level_css":""},"categories":[1,83],"tags":[],"uagb_featured_image_src":{"full":false,"thumbnail":false,"medium":false,"medium_large":false,"large":false,"1536x1536":false,"2048x2048":false,"charity-fundraiser-homepage-thumb":false},"uagb_author_info":{"display_name":"Axel Bayer","author_link":"https:\/\/www.sprunginsleben.de\/?author=2"},"uagb_comment_info":0,"uagb_excerpt":"Nataly, eine unserer ersten Sch\u00fctzlinge (Lesen Sie ihre Geschichte hier), ist vollj\u00e4hrig und hat uns einen Brief geschrieben: Quito, 16. Dezember 2016 Sehr geehrte Damen und Herren von Sprung ins Leben zun\u00e4chst m\u00f6chte Sie aus der Ferne sehr herzlich gr\u00fc\u00dfen und ihnen au\u00dferdem unendlich von ganzem Herzen f\u00fcr die Hilfe, die sie mir entgegengebracht haben,&hellip;","_links":{"self":[{"href":"https:\/\/www.sprunginsleben.de\/index.php?rest_route=\/wp\/v2\/posts\/1335"}],"collection":[{"href":"https:\/\/www.sprunginsleben.de\/index.php?rest_route=\/wp\/v2\/posts"}],"about":[{"href":"https:\/\/www.sprunginsleben.de\/index.php?rest_route=\/wp\/v2\/types\/post"}],"author":[{"embeddable":true,"href":"https:\/\/www.sprunginsleben.de\/index.php?rest_route=\/wp\/v2\/users\/2"}],"replies":[{"embeddable":true,"href":"https:\/\/www.sprunginsleben.de\/index.php?rest_route=%2Fwp%2Fv2%2Fcomments&post=1335"}],"version-history":[{"count":0,"href":"https:\/\/www.sprunginsleben.de\/index.php?rest_route=\/wp\/v2\/posts\/1335\/revisions"}],"wp:attachment":[{"href":"https:\/\/www.sprunginsleben.de\/index.php?rest_route=%2Fwp%2Fv2%2Fmedia&parent=1335"}],"wp:term":[{"taxonomy":"category","embeddable":true,"href":"https:\/\/www.sprunginsleben.de\/index.php?rest_route=%2Fwp%2Fv2%2Fcategories&post=1335"},{"taxonomy":"post_tag","embeddable":true,"href":"https:\/\/www.sprunginsleben.de\/index.php?rest_route=%2Fwp%2Fv2%2Ftags&post=1335"}],"curies":[{"name":"wp","href":"https:\/\/api.w.org\/{rel}","templated":true}]}}