{"id":1392,"date":"2017-04-18T11:48:08","date_gmt":"2017-04-18T09:48:08","guid":{"rendered":"http:\/\/www.sprunginsleben.de\/?p=1392"},"modified":"2022-03-06T21:22:32","modified_gmt":"2022-03-06T20:22:32","slug":"erfolgreiches-jahr-2016","status":"publish","type":"post","link":"https:\/\/www.sprunginsleben.de\/?p=1392&lang=de","title":{"rendered":"Generalversammlung 2017"},"content":{"rendered":"<div class=\"news-article-content\">\n<p style=\"text-align: justify;\">Am Vormittag des 27. Mai, also kurz vor dem Dorffest, fand die Generalversammlung von <em>Sprung ins Leben &#8211; Salto hacia la vida e.V.<\/em> statt. In diesem Jahr standen wieder einmal die Vorstandswahlen vor der T\u00fcr. Duygu Duran, die seit nunmehr vier Jahren im Vorstand als Kassenw\u00e4rtin t\u00e4tig war, trat aus beruflichen Gr\u00fcnden von ihrem Posten zur\u00fcck. Der Vorstand dankt ihr an dieser Stelle auch nochmals ganz herzlich f\u00fcr die hervorragende und wichtige Mitarbeit in den letzten Jahren! An ihrer Stelle wurde Markku Honkela zum neuen Kassenwart gew\u00e4hlt. Er ist seit vielen Jahren Mitglied und kennt Ecuador, sowie das ecuadorianische Gesundheitssystem sehr gut. Mit diesen Erfahrungen wird er sich sicher wertvoll in die Vorstandsarbeit einbringen. Als neue Kassenpr\u00fcfer f\u00fcr die kommenden zwei Jahre wurde Duygu Duran und wiederum Marc Danneberg gew\u00e4hlt. Des Weiteren bleiben Philippa Mund (1. Vorsitzende), Isabel Kleitsch (2. Vorsitzende) und Anna Tolksdorf (Schriftf\u00fchrerin) im Vorstand.<\/p>\n<p style=\"text-align: justify;\">Als weiterer Tagesordnungspunkt wurde Duygu Duran f\u00fcr den Kassenbericht 2016 von der Generalversammlung entlastet. 2016 kamen 96 % unserer Ausgaben unseren Sch\u00fctzlingen zu Gute, was etwas mehr als 28.000 Euro umfasst. Zu unserer gro\u00dfen Freude waren Ende 2016 keine Kinder mehr auf der Warteliste f\u00fcr eine Prothese. An dieser Stelle auch nochmals ein herzliches Dankesch\u00f6n an alle Spenderinnen und Spender! Weitere 3% der Ausgaben umfassen wirtschaftliche Aufwendungen, wie zum Beispiel Wareneink\u00e4ufe f\u00fcr den Weihnachtsmarkt.<\/p>\n<p style=\"text-align: justify;\">Das Protokoll der Sitzung finden Sie unter <a href=\"https:\/\/www.sprunginsleben.de\/?page_id=183&amp;lang=de\">Downloads<\/a>, weitere Informationen im <a href=\"https:\/\/www.sprunginsleben.de\/wp-content\/uploads\/2017\/04\/SiL_Gescha\u0308ftsbericht-2016-DEF.pdf\" target=\"_blank\" rel=\"noopener\">Gesch\u00e4ftsbericht 2016<\/a>.<\/p>\n<\/div>\n","protected":false},"excerpt":{"rendered":"<p>Am Vormittag des 27. Mai, also kurz vor dem Dorffest, fand die Generalversammlung von Sprung ins Leben &#8211; Salto hacia la vida e.V. statt. In diesem Jahr standen wieder einmal die Vorstandswahlen vor der T\u00fcr. Duygu Duran, die seit nunmehr vier Jahren im Vorstand als Kassenw\u00e4rtin t\u00e4tig war, trat aus beruflichen Gr\u00fcnden von ihrem Posten [&hellip;]<\/p>\n","protected":false},"author":2,"featured_media":0,"comment_status":"closed","ping_status":"closed","sticky":false,"template":"","format":"standard","meta":{"_uag_custom_page_level_css":""},"categories":[37,1,83],"tags":[],"uagb_featured_image_src":{"full":false,"thumbnail":false,"medium":false,"medium_large":false,"large":false,"1536x1536":false,"2048x2048":false,"charity-fundraiser-homepage-thumb":false},"uagb_author_info":{"display_name":"Axel Bayer","author_link":"https:\/\/www.sprunginsleben.de\/?author=2"},"uagb_comment_info":0,"uagb_excerpt":"Am Vormittag des 27. Mai, also kurz vor dem Dorffest, fand die Generalversammlung von Sprung ins Leben &#8211; Salto hacia la vida e.V. statt. In diesem Jahr standen wieder einmal die Vorstandswahlen vor der T\u00fcr. Duygu Duran, die seit nunmehr vier Jahren im Vorstand als Kassenw\u00e4rtin t\u00e4tig war, trat aus beruflichen Gr\u00fcnden von ihrem Posten&hellip;","_links":{"self":[{"href":"https:\/\/www.sprunginsleben.de\/index.php?rest_route=\/wp\/v2\/posts\/1392"}],"collection":[{"href":"https:\/\/www.sprunginsleben.de\/index.php?rest_route=\/wp\/v2\/posts"}],"about":[{"href":"https:\/\/www.sprunginsleben.de\/index.php?rest_route=\/wp\/v2\/types\/post"}],"author":[{"embeddable":true,"href":"https:\/\/www.sprunginsleben.de\/index.php?rest_route=\/wp\/v2\/users\/2"}],"replies":[{"embeddable":true,"href":"https:\/\/www.sprunginsleben.de\/index.php?rest_route=%2Fwp%2Fv2%2Fcomments&post=1392"}],"version-history":[{"count":0,"href":"https:\/\/www.sprunginsleben.de\/index.php?rest_route=\/wp\/v2\/posts\/1392\/revisions"}],"wp:attachment":[{"href":"https:\/\/www.sprunginsleben.de\/index.php?rest_route=%2Fwp%2Fv2%2Fmedia&parent=1392"}],"wp:term":[{"taxonomy":"category","embeddable":true,"href":"https:\/\/www.sprunginsleben.de\/index.php?rest_route=%2Fwp%2Fv2%2Fcategories&post=1392"},{"taxonomy":"post_tag","embeddable":true,"href":"https:\/\/www.sprunginsleben.de\/index.php?rest_route=%2Fwp%2Fv2%2Ftags&post=1392"}],"curies":[{"name":"wp","href":"https:\/\/api.w.org\/{rel}","templated":true}]}}