{"id":22,"date":"2012-08-14T17:14:03","date_gmt":"2012-08-14T17:14:03","guid":{"rendered":"http:\/\/Nataly%20ist&nbsp;zehn%20Jahre%20alt%20und%20kommt%20aus%20dem%20s\u00fcdlichen%20Teil%20Quitos.%20Das%20Viertel%20\u201eLa%20Lucha%20de%20los%20Pobres\u201c%20ist%20von%20dem%20armen%20Teil%20der%20Hauptstadtbev\u00f6lkerung%20bewohnt."},"modified":"2017-01-13T18:13:25","modified_gmt":"2017-01-13T17:13:25","slug":"nataly-moreno","status":"publish","type":"post","link":"https:\/\/www.sprunginsleben.de\/?p=22&lang=de","title":{"rendered":"Nataly Moreno"},"content":{"rendered":"<p>Nataly kommt aus dem s\u00fcdlichen Teil Quitos. Das Viertel \u201eLa Lucha de los Pobres\u201c ist von dem armen Teil der Hauptstadtbev\u00f6lkerung bewohnt.<\/p>\n<p style=\"text-align: justify;\"><img decoding=\"async\" loading=\"lazy\" class=\" alignright size-full wp-image-20\" style=\"margin: 6px 0px 6px 18px; border: 1px solid #0002af; float: right;\" src=\"https:\/\/www.sprunginsleben.de\/wp-content\/uploads\/2012\/08\/images_schuetzlinge_natalie_moreno.jpg\" alt=\"natalie moreno\" width=\"173\" height=\"229\" \/>Beim Spielen mit Freunden auf dem Dach, wo nicht isolierte Hochspannungsleitungen entlanglaufen, wurde sie durch einen Stromschlag getroffen und erlitt starke Verbrennungen. Um ihr Leben zu retten, musste im Krankenhaus Baca-Ortiz zun\u00e4chst ein Bein, sp\u00e4ter auch das zweite und ein Arm abgenommen werden.<br \/>\nAnfangs ging sie dreimal in der Woche ins <a href=\"https:\/\/www.sprunginsleben.de\/seiten\/deutsch\/krankenhaus.php\">Krankenhaus<\/a> zur Therapie und lernte, den Rollstuhl zu benutzen und Muskeln aufzubauen. Sie hat gelernt mit dem linken Arm zu Schreiben.<\/p>\n<p style=\"text-align: justify;\"><img decoding=\"async\" loading=\"lazy\" class=\" alignleft size-full wp-image-21\" style=\"margin: 6px 18px 6px 0px; border: 1px solid #0002af; float: left;\" src=\"https:\/\/www.sprunginsleben.de\/wp-content\/uploads\/2012\/08\/images_schuetzlinge_natalie_moreno2.jpg\" alt=\"natalie moreno2\" width=\"200\" height=\"265\" \/>F\u00fcr die Finanzierung der Prothesen kooperierten wir mit dem\u00a0Roten Kreuz. W\u00e4hrend das Rote Kreuz die Beinprothesen\u00a0finanzierte, konnte unser Verein dank gro\u00dfer Unterst\u00fctzung das Geld f\u00fcr\u00a0die Armprothese aufbringen. Nataly hat auch eine k\u00fcnstliche Hand, die sie \u00fcber den Prothesenhaken \u00fcberziehen kann. Zus\u00e4tzlich erhielt Nataly psychologische und physiotherapeutische\u00a0 Betreuung.<\/p>\n<p style=\"text-align: justify;\">Um eine Verschlimmerung ihrer Skoliose zu verhindern, bekam Nataly 2015 eine neue Armprothese. 2016 hat Nataly nochmal neue Prothesen erhalten. Mittlerweile ist sie vollj\u00e4hrig und bedankt sich f\u00fcr die Unterst\u00fctzung:<\/p>\n<p><em>Quito, 16. Dezember 2016<\/em><\/p>\n<p style=\"text-align: justify;\"><em>Sehr geehrte Damen und Herren von Sprung ins Leben<\/em><\/p>\n<p style=\"text-align: justify;\"><em>zun\u00e4chst m\u00f6chte Sie aus der Ferne sehr herzlich gr\u00fc\u00dfen und ihnen au\u00dferdem unendlich von ganzem Herzen f\u00fcr die Hilfe, die sie mir entgegengebracht haben, danken. F\u00fcr mich waren die Prothesen von gro\u00dfem Wert! Sie haben mir w\u00e4hrend dieser schrecklichen Zeit dabei geholfen, \u00fcber meinen eigenen Schatten zu springen. Philippa, ich w\u00fcnsche Dir das beste.<\/em><\/p>\n<p style=\"text-align: justify;\"><em>Helfen Sie alle weiter den Menschen, die es am meisten ben\u00f6tigen. Ich werde mich immer an Sie alle erinnern und nicht m\u00fcde werden Ihnen f\u00fcr all das, was Sie f\u00fcr mich getan haben, zu danken.<\/em><\/p>\n<p style=\"text-align: justify;\"><em>Passen Sie gut auf sich auf. Ich sende Ihnen alle eine Umarmung aus der Ferne und w\u00fcnsche Ihnen Erfolg und Segen.\u00a0 Diese W\u00fcnsche bringen meine Familie und ich Ihnen entgegen.<\/em><\/p>\n<p style=\"text-align: justify;\"><em>Hochachtungsvoll, Nathaly Moya<\/em><\/p>\n<p style=\"text-align: justify;\">Hier noch zwei aktuelle Bilder:<\/p>\n<p style=\"text-align: justify;\"><img decoding=\"async\" loading=\"lazy\" class=\"alignleft size-medium wp-image-1332\" src=\"https:\/\/www.sprunginsleben.de\/wp-content\/uploads\/2012\/08\/1612-Nataly-mit-Prothese2-169x300.jpg\" alt=\"1612 Nataly mit Prothese2\" width=\"169\" height=\"300\" srcset=\"https:\/\/www.sprunginsleben.de\/wp-content\/uploads\/2012\/08\/1612-Nataly-mit-Prothese2-169x300.jpg 169w, https:\/\/www.sprunginsleben.de\/wp-content\/uploads\/2012\/08\/1612-Nataly-mit-Prothese2-576x1024.jpg 576w, https:\/\/www.sprunginsleben.de\/wp-content\/uploads\/2012\/08\/1612-Nataly-mit-Prothese2.jpg 648w\" sizes=\"(max-width: 169px) 100vw, 169px\" \/><\/p>\n<p style=\"text-align: justify;\">\u00a0<img decoding=\"async\" loading=\"lazy\" class=\"alignleft size-medium wp-image-1331\" src=\"https:\/\/www.sprunginsleben.de\/wp-content\/uploads\/2012\/08\/1612-Nataly-mit-Prothese-169x300.jpg\" alt=\"1612 Nataly mit Prothese\" width=\"169\" height=\"300\" srcset=\"https:\/\/www.sprunginsleben.de\/wp-content\/uploads\/2012\/08\/1612-Nataly-mit-Prothese-169x300.jpg 169w, https:\/\/www.sprunginsleben.de\/wp-content\/uploads\/2012\/08\/1612-Nataly-mit-Prothese-576x1024.jpg 576w, https:\/\/www.sprunginsleben.de\/wp-content\/uploads\/2012\/08\/1612-Nataly-mit-Prothese.jpg 648w\" sizes=\"(max-width: 169px) 100vw, 169px\" \/><\/p>\n","protected":false},"excerpt":{"rendered":"<p>Nataly kommt aus dem s\u00fcdlichen Teil Quitos. Das Viertel \u201eLa Lucha de los Pobres\u201c ist von dem armen Teil der Hauptstadtbev\u00f6lkerung bewohnt. Beim Spielen mit Freunden auf dem Dach, wo nicht isolierte Hochspannungsleitungen entlanglaufen, wurde sie durch einen Stromschlag getroffen und erlitt starke Verbrennungen. Um ihr Leben zu retten, musste im Krankenhaus Baca-Ortiz zun\u00e4chst ein [&hellip;]<\/p>\n","protected":false},"author":1,"featured_media":0,"comment_status":"closed","ping_status":"closed","sticky":false,"template":"","format":"standard","meta":{"_uag_custom_page_level_css":""},"categories":[31],"tags":[],"uagb_featured_image_src":{"full":false,"thumbnail":false,"medium":false,"medium_large":false,"large":false,"1536x1536":false,"2048x2048":false,"charity-fundraiser-homepage-thumb":false},"uagb_author_info":{"display_name":"bartberger","author_link":"https:\/\/www.sprunginsleben.de\/?author=1"},"uagb_comment_info":0,"uagb_excerpt":"Nataly kommt aus dem s\u00fcdlichen Teil Quitos. Das Viertel \u201eLa Lucha de los Pobres\u201c ist von dem armen Teil der Hauptstadtbev\u00f6lkerung bewohnt. Beim Spielen mit Freunden auf dem Dach, wo nicht isolierte Hochspannungsleitungen entlanglaufen, wurde sie durch einen Stromschlag getroffen und erlitt starke Verbrennungen. Um ihr Leben zu retten, musste im Krankenhaus Baca-Ortiz zun\u00e4chst ein&hellip;","_links":{"self":[{"href":"https:\/\/www.sprunginsleben.de\/index.php?rest_route=\/wp\/v2\/posts\/22"}],"collection":[{"href":"https:\/\/www.sprunginsleben.de\/index.php?rest_route=\/wp\/v2\/posts"}],"about":[{"href":"https:\/\/www.sprunginsleben.de\/index.php?rest_route=\/wp\/v2\/types\/post"}],"author":[{"embeddable":true,"href":"https:\/\/www.sprunginsleben.de\/index.php?rest_route=\/wp\/v2\/users\/1"}],"replies":[{"embeddable":true,"href":"https:\/\/www.sprunginsleben.de\/index.php?rest_route=%2Fwp%2Fv2%2Fcomments&post=22"}],"version-history":[{"count":0,"href":"https:\/\/www.sprunginsleben.de\/index.php?rest_route=\/wp\/v2\/posts\/22\/revisions"}],"wp:attachment":[{"href":"https:\/\/www.sprunginsleben.de\/index.php?rest_route=%2Fwp%2Fv2%2Fmedia&parent=22"}],"wp:term":[{"taxonomy":"category","embeddable":true,"href":"https:\/\/www.sprunginsleben.de\/index.php?rest_route=%2Fwp%2Fv2%2Fcategories&post=22"},{"taxonomy":"post_tag","embeddable":true,"href":"https:\/\/www.sprunginsleben.de\/index.php?rest_route=%2Fwp%2Fv2%2Ftags&post=22"}],"curies":[{"name":"wp","href":"https:\/\/api.w.org\/{rel}","templated":true}]}}