{"id":2316,"date":"2023-02-01T17:13:49","date_gmt":"2023-02-01T16:13:49","guid":{"rendered":"https:\/\/www.sprunginsleben.de\/?p=2316"},"modified":"2023-02-01T17:20:49","modified_gmt":"2023-02-01T16:20:49","slug":"maybelin-portilla","status":"publish","type":"post","link":"https:\/\/www.sprunginsleben.de\/?p=2316&lang=es","title":{"rendered":"Maybelin Portilla"},"content":{"rendered":"\n<p>Maybelin Portilla, nacida el 15.09.2006, vive en Cotacachi, provincia de Imbabura. Hace unos a\u00f1os, a Maybelin le diagnosticaron un tumor \u00f3seo. Por desgracia, la quimioterapia y la radioterapia no fueron suficientes y a Maybelin le tuvieron que amputar la pierna en enero de 2017. Desde entonces ha estado fortaleciendo su otra pierna mediante fisioterapia y ahora est\u00e1 preparada para una pr\u00f3tesis.<br>En la reuni\u00f3n de beneficiarios de marzo de 2018 agradeci\u00f3 a su madre por haber invertido tanta fuerza en ella y por haber permanecido siempre a su lado. En mayo de 2018, pudimos financiar la pr\u00f3tesis de Maybelin. Esto ha sido posible gracias a nuestros colaboradores de siempre, pero tambi\u00e9n a los lectores de \u201cBild der Frau\u201d, que nos conocieron a trav\u00e9s de un <a href=\"https:\/\/www.bildderfrau.de\/familie-leben\/article214052103\/Sprung-ins-Leben-Prothesen-helfen.html\">reportaje<\/a> (en alem\u00e1n) de Claudia Kirschner y Ulrike Schacht. Mientras tanto, Maybelin ha recibido su pr\u00f3tesis y ya est\u00e1 entrenando con mucho esmero para utilizarla<\/p>\n\n\n\n<div class=\"wp-block-image wp-image-1610\"><figure class=\"alignleft\"><img decoding=\"async\" loading=\"lazy\" width=\"200\" height=\"300\" src=\"https:\/\/www.sprunginsleben.de\/wp-content\/uploads\/2018\/07\/Meyber_kl-200x300.jpg\" alt=\"\" class=\"wp-image-1610\" srcset=\"https:\/\/www.sprunginsleben.de\/wp-content\/uploads\/2018\/07\/Meyber_kl-200x300.jpg 200w, https:\/\/www.sprunginsleben.de\/wp-content\/uploads\/2018\/07\/Meyber_kl.jpg 683w\" sizes=\"(max-width: 200px) 100vw, 200px\" \/><figcaption>\u00a9Ulrike Schacht<\/figcaption><\/figure><\/div>\n\n\n\n<div class=\"wp-block-image\"><figure class=\"alignleft\"><img decoding=\"async\" loading=\"lazy\" width=\"217\" height=\"300\" src=\"https:\/\/www.sprunginsleben.de\/wp-content\/uploads\/2018\/07\/Maybelin_mit-Prothese_2-217x300.jpg\" alt=\"\" class=\"wp-image-1636\" srcset=\"https:\/\/www.sprunginsleben.de\/wp-content\/uploads\/2018\/07\/Maybelin_mit-Prothese_2-217x300.jpg 217w, https:\/\/www.sprunginsleben.de\/wp-content\/uploads\/2018\/07\/Maybelin_mit-Prothese_2.jpg 740w\" sizes=\"(max-width: 217px) 100vw, 217px\" \/><\/figure><\/div>\n\n\n\n<div class=\"wp-block-image\"><figure class=\"alignleft\"><img decoding=\"async\" loading=\"lazy\" width=\"300\" height=\"280\" src=\"https:\/\/www.sprunginsleben.de\/wp-content\/uploads\/2018\/07\/Maybelin_mit-Prothese_1kl-300x280.jpg\" alt=\"\" class=\"wp-image-1634\" srcset=\"https:\/\/www.sprunginsleben.de\/wp-content\/uploads\/2018\/07\/Maybelin_mit-Prothese_1kl-300x280.jpg 300w, https:\/\/www.sprunginsleben.de\/wp-content\/uploads\/2018\/07\/Maybelin_mit-Prothese_1kl.jpg 822w\" sizes=\"(max-width: 300px) 100vw, 300px\" \/><\/figure><\/div>\n\n\n\n<p><\/p>\n\n\n\n<p><\/p>\n\n\n\n<p>\u00a9Jos\u00e9 Guerra<\/p>\n","protected":false},"excerpt":{"rendered":"<p>Maybelin Portilla, nacida el 15.09.2006, vive en Cotacachi, provincia de Imbabura. Hace unos a\u00f1os, a Maybelin le diagnosticaron un tumor \u00f3seo. Por desgracia, la quimioterapia y la radioterapia no fueron suficientes y a Maybelin le tuvieron que amputar la pierna en enero de 2017. Desde entonces ha estado fortaleciendo su otra pierna mediante fisioterapia y [&hellip;]<\/p>\n","protected":false},"author":6,"featured_media":2230,"comment_status":"closed","ping_status":"closed","sticky":false,"template":"","format":"standard","meta":{"_uag_custom_page_level_css":""},"categories":[98,16],"tags":[],"uagb_featured_image_src":{"full":["https:\/\/www.sprunginsleben.de\/wp-content\/uploads\/2022\/03\/Maybelin_1-scaled.jpg",2560,1919,false],"thumbnail":["https:\/\/www.sprunginsleben.de\/wp-content\/uploads\/2022\/03\/Maybelin_1-150x150.jpg",150,150,true],"medium":["https:\/\/www.sprunginsleben.de\/wp-content\/uploads\/2022\/03\/Maybelin_1-300x225.jpg",300,225,true],"medium_large":["https:\/\/www.sprunginsleben.de\/wp-content\/uploads\/2022\/03\/Maybelin_1-scaled.jpg",2560,1919,false],"large":["https:\/\/www.sprunginsleben.de\/wp-content\/uploads\/2022\/03\/Maybelin_1-1024x768.jpg",640,480,true],"1536x1536":["https:\/\/www.sprunginsleben.de\/wp-content\/uploads\/2022\/03\/Maybelin_1-1536x1151.jpg",1536,1151,true],"2048x2048":["https:\/\/www.sprunginsleben.de\/wp-content\/uploads\/2022\/03\/Maybelin_1-2048x1535.jpg",2048,1535,true],"charity-fundraiser-homepage-thumb":["https:\/\/www.sprunginsleben.de\/wp-content\/uploads\/2022\/03\/Maybelin_1-240x145.jpg",240,145,true]},"uagb_author_info":{"display_name":"Angus","author_link":"https:\/\/www.sprunginsleben.de\/?author=6"},"uagb_comment_info":0,"uagb_excerpt":"Maybelin Portilla, nacida el 15.09.2006, vive en Cotacachi, provincia de Imbabura. Hace unos a\u00f1os, a Maybelin le diagnosticaron un tumor \u00f3seo. Por desgracia, la quimioterapia y la radioterapia no fueron suficientes y a Maybelin le tuvieron que amputar la pierna en enero de 2017. Desde entonces ha estado fortaleciendo su otra pierna mediante fisioterapia y&hellip;","_links":{"self":[{"href":"https:\/\/www.sprunginsleben.de\/index.php?rest_route=\/wp\/v2\/posts\/2316"}],"collection":[{"href":"https:\/\/www.sprunginsleben.de\/index.php?rest_route=\/wp\/v2\/posts"}],"about":[{"href":"https:\/\/www.sprunginsleben.de\/index.php?rest_route=\/wp\/v2\/types\/post"}],"author":[{"embeddable":true,"href":"https:\/\/www.sprunginsleben.de\/index.php?rest_route=\/wp\/v2\/users\/6"}],"replies":[{"embeddable":true,"href":"https:\/\/www.sprunginsleben.de\/index.php?rest_route=%2Fwp%2Fv2%2Fcomments&post=2316"}],"version-history":[{"count":0,"href":"https:\/\/www.sprunginsleben.de\/index.php?rest_route=\/wp\/v2\/posts\/2316\/revisions"}],"wp:featuredmedia":[{"embeddable":true,"href":"https:\/\/www.sprunginsleben.de\/index.php?rest_route=\/wp\/v2\/media\/2230"}],"wp:attachment":[{"href":"https:\/\/www.sprunginsleben.de\/index.php?rest_route=%2Fwp%2Fv2%2Fmedia&parent=2316"}],"wp:term":[{"taxonomy":"category","embeddable":true,"href":"https:\/\/www.sprunginsleben.de\/index.php?rest_route=%2Fwp%2Fv2%2Fcategories&post=2316"},{"taxonomy":"post_tag","embeddable":true,"href":"https:\/\/www.sprunginsleben.de\/index.php?rest_route=%2Fwp%2Fv2%2Ftags&post=2316"}],"curies":[{"name":"wp","href":"https:\/\/api.w.org\/{rel}","templated":true}]}}