{"id":245,"date":"2010-11-08T06:15:00","date_gmt":"2010-11-08T06:15:00","guid":{"rendered":"<p align=\"justify\">Igual que el a\u00f1o pasado estabamos presentes en el&nbsp;mercado navide\u00f1o de Karlsbad, que ten\u00eda lugar entre el 3 y el 5 de diciembre.<\/p>  <!--more-->  <p align=\"justify\">Aunque hac\u00eda fr\u00edo, hab\u00eda mucha gente que visit\u00f3 nuestro puesto. Ve"},"modified":"2015-08-27T06:42:45","modified_gmt":"2015-08-27T06:42:45","slug":"otra-vez-el-mercado-navideno-fue-exitoso","status":"publish","type":"post","link":"https:\/\/www.sprunginsleben.de\/?p=245&lang=es","title":{"rendered":"Otra vez el mercado navide\u00f1o fue exitoso"},"content":{"rendered":"<p align=\"justify\">Igual que el a\u00f1o pasado estabamos presentes en el&nbsp;mercado navide\u00f1o de Karlsbad, que ten\u00eda lugar entre el 3 y el 5 de diciembre.<\/p>\n<p>  <!--more-->  <\/p>\n<p align=\"justify\">Aunque hac\u00eda fr\u00edo, hab\u00eda mucha gente que visit\u00f3 nuestro puesto. Vendendo mercanc\u00eda logramos ganhar 1116,95 \u20ac. Con eso podemos financiar las pr\u00f3stesis de Darlin, nuestro&nbsp;nuevo protegido.<\/p>\n<p align=\"justify\">Muchas gracias a todos visitantes del mercado navide\u00f1o y a la comuna Karlsbad que no nos pidi\u00f3 una tasa.<\/p>\n<p align=\"justify\"><img decoding=\"async\" loading=\"lazy\" class=\" size-full wp-image-68\" alt=\"weihnachtsmarkt2010\" src=\"https:\/\/www.sprunginsleben.de\/wp-content\/uploads\/2010\/11\/images_aktionen_weihnachtsmarkt2010.jpg\" height=\"338\" width=\"450\" srcset=\"https:\/\/www.sprunginsleben.de\/wp-content\/uploads\/2010\/11\/images_aktionen_weihnachtsmarkt2010.jpg 450w, https:\/\/www.sprunginsleben.de\/wp-content\/uploads\/2010\/11\/images_aktionen_weihnachtsmarkt2010-300x225.jpg 300w\" sizes=\"(max-width: 450px) 100vw, 450px\" \/><\/p>\n","protected":false},"excerpt":{"rendered":"<p>Igual que el a\u00f1o pasado estabamos presentes en el&nbsp;mercado navide\u00f1o de Karlsbad, que ten\u00eda lugar entre el 3 y el 5 de diciembre.<\/p>\n","protected":false},"author":1,"featured_media":0,"comment_status":"open","ping_status":"open","sticky":false,"template":"","format":"standard","meta":{"_uag_custom_page_level_css":""},"categories":[15],"tags":[],"uagb_featured_image_src":{"full":false,"thumbnail":false,"medium":false,"medium_large":false,"large":false,"1536x1536":false,"2048x2048":false,"charity-fundraiser-homepage-thumb":false},"uagb_author_info":{"display_name":"bartberger","author_link":"https:\/\/www.sprunginsleben.de\/?author=1"},"uagb_comment_info":0,"uagb_excerpt":"Igual que el a\u00f1o pasado estabamos presentes en el&nbsp;mercado navide\u00f1o de Karlsbad, que ten\u00eda lugar entre el 3 y el 5 de diciembre.","_links":{"self":[{"href":"https:\/\/www.sprunginsleben.de\/index.php?rest_route=\/wp\/v2\/posts\/245"}],"collection":[{"href":"https:\/\/www.sprunginsleben.de\/index.php?rest_route=\/wp\/v2\/posts"}],"about":[{"href":"https:\/\/www.sprunginsleben.de\/index.php?rest_route=\/wp\/v2\/types\/post"}],"author":[{"embeddable":true,"href":"https:\/\/www.sprunginsleben.de\/index.php?rest_route=\/wp\/v2\/users\/1"}],"replies":[{"embeddable":true,"href":"https:\/\/www.sprunginsleben.de\/index.php?rest_route=%2Fwp%2Fv2%2Fcomments&post=245"}],"version-history":[{"count":0,"href":"https:\/\/www.sprunginsleben.de\/index.php?rest_route=\/wp\/v2\/posts\/245\/revisions"}],"wp:attachment":[{"href":"https:\/\/www.sprunginsleben.de\/index.php?rest_route=%2Fwp%2Fv2%2Fmedia&parent=245"}],"wp:term":[{"taxonomy":"category","embeddable":true,"href":"https:\/\/www.sprunginsleben.de\/index.php?rest_route=%2Fwp%2Fv2%2Fcategories&post=245"},{"taxonomy":"post_tag","embeddable":true,"href":"https:\/\/www.sprunginsleben.de\/index.php?rest_route=%2Fwp%2Fv2%2Ftags&post=245"}],"curies":[{"name":"wp","href":"https:\/\/api.w.org\/{rel}","templated":true}]}}