{"id":246,"date":"2010-12-08T08:16:25","date_gmt":"2010-12-08T08:16:25","guid":{"rendered":"<p>Ten\u00edamos permiso para presentar nuestra asociaci\u00f3n y vender cositas latinoamericanas durante el concierto de invierno del colegio Karlsbad. As\u00ed ganamos 191 \u20ac, que es fant\u00e1stico. <br \/>Muchas gracias a los interesados, al profesorado y&nbsp;a la direcci"},"modified":"2015-08-27T06:42:31","modified_gmt":"2015-08-27T06:42:31","slug":"de-nuevo-un-puesto-al-colegio","status":"publish","type":"post","link":"https:\/\/www.sprunginsleben.de\/?p=246&lang=es","title":{"rendered":"De nuevo un puesto al colegio"},"content":{"rendered":"<p>Ten\u00edamos permiso para presentar nuestra asociaci\u00f3n y vender cositas latinoamericanas durante el concierto de invierno del colegio Karlsbad. As\u00ed ganamos 191 \u20ac, que es fant\u00e1stico. <br \/>Muchas gracias a los interesados, al profesorado y&nbsp;a la direcci\u00f3n!<\/p>\n","protected":false},"excerpt":{"rendered":"<p>Ten\u00edamos permiso para presentar nuestra asociaci\u00f3n y vender cositas latinoamericanas durante el concierto de invierno del colegio Karlsbad. As\u00ed ganamos 191 \u20ac, que es fant\u00e1stico. Muchas gracias a los interesados, al profesorado y&nbsp;a la direcci\u00f3n!<\/p>\n","protected":false},"author":1,"featured_media":0,"comment_status":"open","ping_status":"open","sticky":false,"template":"","format":"standard","meta":{"_uag_custom_page_level_css":""},"categories":[15],"tags":[],"uagb_featured_image_src":{"full":false,"thumbnail":false,"medium":false,"medium_large":false,"large":false,"1536x1536":false,"2048x2048":false,"charity-fundraiser-homepage-thumb":false},"uagb_author_info":{"display_name":"bartberger","author_link":"https:\/\/www.sprunginsleben.de\/?author=1"},"uagb_comment_info":0,"uagb_excerpt":"Ten\u00edamos permiso para presentar nuestra asociaci\u00f3n y vender cositas latinoamericanas durante el concierto de invierno del colegio Karlsbad. As\u00ed ganamos 191 \u20ac, que es fant\u00e1stico. Muchas gracias a los interesados, al profesorado y&nbsp;a la direcci\u00f3n!","_links":{"self":[{"href":"https:\/\/www.sprunginsleben.de\/index.php?rest_route=\/wp\/v2\/posts\/246"}],"collection":[{"href":"https:\/\/www.sprunginsleben.de\/index.php?rest_route=\/wp\/v2\/posts"}],"about":[{"href":"https:\/\/www.sprunginsleben.de\/index.php?rest_route=\/wp\/v2\/types\/post"}],"author":[{"embeddable":true,"href":"https:\/\/www.sprunginsleben.de\/index.php?rest_route=\/wp\/v2\/users\/1"}],"replies":[{"embeddable":true,"href":"https:\/\/www.sprunginsleben.de\/index.php?rest_route=%2Fwp%2Fv2%2Fcomments&post=246"}],"version-history":[{"count":0,"href":"https:\/\/www.sprunginsleben.de\/index.php?rest_route=\/wp\/v2\/posts\/246\/revisions"}],"wp:attachment":[{"href":"https:\/\/www.sprunginsleben.de\/index.php?rest_route=%2Fwp%2Fv2%2Fmedia&parent=246"}],"wp:term":[{"taxonomy":"category","embeddable":true,"href":"https:\/\/www.sprunginsleben.de\/index.php?rest_route=%2Fwp%2Fv2%2Fcategories&post=246"},{"taxonomy":"post_tag","embeddable":true,"href":"https:\/\/www.sprunginsleben.de\/index.php?rest_route=%2Fwp%2Fv2%2Ftags&post=246"}],"curies":[{"name":"wp","href":"https:\/\/api.w.org\/{rel}","templated":true}]}}