{"id":252,"date":"2011-07-04T06:21:00","date_gmt":"2011-07-04T06:21:00","guid":{"rendered":"<p>Gracias al contacto entre nuestra segunda presidenta Julia y la asistenta pastoral de la iglesia Santo Wolfgang, la parroquia cat\u00f3lica de Pfullingen se enter\u00f3 de las actividades de nuestra asociaci\u00f3n. Decidi\u00f3 dar 3.900 <span>\u20ac<\/span> de sus fondos de a"},"modified":"2015-08-27T06:40:22","modified_gmt":"2015-08-27T06:40:22","slug":"donacion-sobrecogedora-de-la-parroquia-de-pfullingen","status":"publish","type":"post","link":"https:\/\/www.sprunginsleben.de\/?p=252&lang=es","title":{"rendered":"Donaci\u00f3n sobrecogedora de la parroquia de Pfullingen"},"content":{"rendered":"<p>Gracias al contacto entre nuestra segunda presidenta Julia y la asistenta pastoral de la iglesia Santo Wolfgang, la parroquia cat\u00f3lica de Pfullingen se enter\u00f3 de las actividades de nuestra asociaci\u00f3n. Decidi\u00f3 dar 3.900 <span>\u20ac<\/span> de sus fondos de ayuda al Tercer Mundo de 2011 a &#8220;Salto hacia la Vida&#8221;.<\/p>\n<p>  <!--more-->  <\/p>\n<p>En la asamblea del consejo de la parroquia el 30 de junio 2011 Duygu present\u00f3 nuestra asociaci\u00f3n y nuestros protegidos. Los consejeros se interesaron mucho por nuestras campa\u00f1as, por los destinos individuales de nuestros protegidos y por Ecuador en general. Adem\u00e1s fueron felices de asegurarse del uso razonable de su donaci\u00f3n.<\/p>\n<p><span>Muchas gracias al la parroquia de St. Wolfgang Pfullingen por su confianza que nos ha brindado<\/span>, su inter\u00e9s y el apoyo generoso.<\/p>\n<p>&nbsp;<\/p>\n","protected":false},"excerpt":{"rendered":"<p>Gracias al contacto entre nuestra segunda presidenta Julia y la asistenta pastoral de la iglesia Santo Wolfgang, la parroquia cat\u00f3lica de Pfullingen se enter\u00f3 de las actividades de nuestra asociaci\u00f3n. Decidi\u00f3 dar 3.900 \u20ac de sus fondos de ayuda al Tercer Mundo de 2011 a &#8220;Salto hacia la Vida&#8221;.<\/p>\n","protected":false},"author":1,"featured_media":0,"comment_status":"open","ping_status":"open","sticky":false,"template":"","format":"standard","meta":{"_uag_custom_page_level_css":""},"categories":[15],"tags":[],"uagb_featured_image_src":{"full":false,"thumbnail":false,"medium":false,"medium_large":false,"large":false,"1536x1536":false,"2048x2048":false,"charity-fundraiser-homepage-thumb":false},"uagb_author_info":{"display_name":"bartberger","author_link":"https:\/\/www.sprunginsleben.de\/?author=1"},"uagb_comment_info":0,"uagb_excerpt":"Gracias al contacto entre nuestra segunda presidenta Julia y la asistenta pastoral de la iglesia Santo Wolfgang, la parroquia cat\u00f3lica de Pfullingen se enter\u00f3 de las actividades de nuestra asociaci\u00f3n. Decidi\u00f3 dar 3.900 \u20ac de sus fondos de ayuda al Tercer Mundo de 2011 a &#8220;Salto hacia la Vida&#8221;.","_links":{"self":[{"href":"https:\/\/www.sprunginsleben.de\/index.php?rest_route=\/wp\/v2\/posts\/252"}],"collection":[{"href":"https:\/\/www.sprunginsleben.de\/index.php?rest_route=\/wp\/v2\/posts"}],"about":[{"href":"https:\/\/www.sprunginsleben.de\/index.php?rest_route=\/wp\/v2\/types\/post"}],"author":[{"embeddable":true,"href":"https:\/\/www.sprunginsleben.de\/index.php?rest_route=\/wp\/v2\/users\/1"}],"replies":[{"embeddable":true,"href":"https:\/\/www.sprunginsleben.de\/index.php?rest_route=%2Fwp%2Fv2%2Fcomments&post=252"}],"version-history":[{"count":0,"href":"https:\/\/www.sprunginsleben.de\/index.php?rest_route=\/wp\/v2\/posts\/252\/revisions"}],"wp:attachment":[{"href":"https:\/\/www.sprunginsleben.de\/index.php?rest_route=%2Fwp%2Fv2%2Fmedia&parent=252"}],"wp:term":[{"taxonomy":"category","embeddable":true,"href":"https:\/\/www.sprunginsleben.de\/index.php?rest_route=%2Fwp%2Fv2%2Fcategories&post=252"},{"taxonomy":"post_tag","embeddable":true,"href":"https:\/\/www.sprunginsleben.de\/index.php?rest_route=%2Fwp%2Fv2%2Ftags&post=252"}],"curies":[{"name":"wp","href":"https:\/\/api.w.org\/{rel}","templated":true}]}}