{"id":301,"date":"2012-11-22T08:08:31","date_gmt":"2012-11-22T08:08:31","guid":{"rendered":"http:\/\/Alison%20Andrade%20tiene%20cuatro%20a\u00f1os.%20La%20pobrecita%20naci\u00f3%20con%20una%20deficiencia.%20No%20tuvo%20una%20pantorrilla%20por%20lo%20que%20el%20doctor%20decidi\u00f3%20a%20amputar%20el%20pie%20en%20junio%202012.%20%20%20%20Habita%20con%20su"},"modified":"2016-04-29T12:34:27","modified_gmt":"2016-04-29T10:34:27","slug":"alison-andrade-3","status":"publish","type":"post","link":"https:\/\/www.sprunginsleben.de\/?p=301&lang=es","title":{"rendered":"Alison Andrade"},"content":{"rendered":"<p style=\"text-align: justify;\">Alison Andrade tiene cuatro a\u00f1os. La pobrecita naci\u00f3 con una deficiencia. No tuvo una pantorrilla por lo que el doctor decidi\u00f3 a amputar el pie en junio 2012.<\/p>\n<p><!--more--><\/p>\n<p style=\"text-align: justify;\">Habita con su familia en Quito. Sus padres no quisieron que Alison fuera al jard\u00edn de infancia porque tuvieron miedo de que los otros ni\u00f1os se burlaren de la chica. Por eso la madre se ocupaba de Alison todo el tiempo mientras el pap\u00e1 vend\u00eda accesorios de higiene en varios mercados.<\/p>\n<p style=\"text-align: justify;\">Ahora Alison tiene una pr\u00f3tesis y aprende emplearla. Puede visitar el jard\u00edn de infancia y jugar con los dem\u00e1s ni\u00f1os.<\/p>\n<p><img decoding=\"async\" loading=\"lazy\" class=\" alignleft size-full wp-image-277\" src=\"https:\/\/www.sprunginsleben.de\/wp-content\/uploads\/2012\/09\/images_schuetzlinge_Alisson1.jpg\" alt=\"Alisson1\" width=\"150\" height=\"212\" \/><img decoding=\"async\" loading=\"lazy\" class=\" alignleft size-full wp-image-278\" src=\"https:\/\/www.sprunginsleben.de\/wp-content\/uploads\/2012\/09\/images_schuetzlinge_alison_prothese.jpg\" alt=\"alison prothese\" width=\"130\" height=\"212\" \/><img decoding=\"async\" loading=\"lazy\" class=\"alignleft wp-image-1224\" src=\"https:\/\/www.sprunginsleben.de\/wp-content\/uploads\/alison_andrade_2016.jpeg\" alt=\"alison_andrade_2016\" width=\"122\" height=\"208\" \/><\/p>\n","protected":false},"excerpt":{"rendered":"<p>Alison Andrade tiene cuatro a\u00f1os. La pobrecita naci\u00f3 con una deficiencia. No tuvo una pantorrilla por lo que el doctor decidi\u00f3 a amputar el pie en junio 2012.<\/p>\n","protected":false},"author":1,"featured_media":0,"comment_status":"closed","ping_status":"closed","sticky":false,"template":"","format":"standard","meta":{"_uag_custom_page_level_css":""},"categories":[16],"tags":[],"uagb_featured_image_src":{"full":false,"thumbnail":false,"medium":false,"medium_large":false,"large":false,"1536x1536":false,"2048x2048":false,"charity-fundraiser-homepage-thumb":false},"uagb_author_info":{"display_name":"bartberger","author_link":"https:\/\/www.sprunginsleben.de\/?author=1"},"uagb_comment_info":0,"uagb_excerpt":"Alison Andrade tiene cuatro a\u00f1os. La pobrecita naci\u00f3 con una deficiencia. No tuvo una pantorrilla por lo que el doctor decidi\u00f3 a amputar el pie en junio 2012.","_links":{"self":[{"href":"https:\/\/www.sprunginsleben.de\/index.php?rest_route=\/wp\/v2\/posts\/301"}],"collection":[{"href":"https:\/\/www.sprunginsleben.de\/index.php?rest_route=\/wp\/v2\/posts"}],"about":[{"href":"https:\/\/www.sprunginsleben.de\/index.php?rest_route=\/wp\/v2\/types\/post"}],"author":[{"embeddable":true,"href":"https:\/\/www.sprunginsleben.de\/index.php?rest_route=\/wp\/v2\/users\/1"}],"replies":[{"embeddable":true,"href":"https:\/\/www.sprunginsleben.de\/index.php?rest_route=%2Fwp%2Fv2%2Fcomments&post=301"}],"version-history":[{"count":0,"href":"https:\/\/www.sprunginsleben.de\/index.php?rest_route=\/wp\/v2\/posts\/301\/revisions"}],"wp:attachment":[{"href":"https:\/\/www.sprunginsleben.de\/index.php?rest_route=%2Fwp%2Fv2%2Fmedia&parent=301"}],"wp:term":[{"taxonomy":"category","embeddable":true,"href":"https:\/\/www.sprunginsleben.de\/index.php?rest_route=%2Fwp%2Fv2%2Fcategories&post=301"},{"taxonomy":"post_tag","embeddable":true,"href":"https:\/\/www.sprunginsleben.de\/index.php?rest_route=%2Fwp%2Fv2%2Ftags&post=301"}],"curies":[{"name":"wp","href":"https:\/\/api.w.org\/{rel}","templated":true}]}}