{"id":888,"date":"2015-08-27T18:07:43","date_gmt":"2015-08-27T18:07:43","guid":{"rendered":"Luis Lima es de Quito. Con solo un a\u00f1o de edad, el ni\u00f1o tuvo un accidente de tr\u00e1fico y perdi\u00f3 la pie debajo de su rodilla. En maio 2014, con dos\u00a0a\u00f1os y medio, financiamos una pr\u00f3tesis para el.<!--more-->Luis termin\u00f3 la fisioterapia con suceso y\u00a0 vive bien"},"modified":"2015-11-04T18:12:02","modified_gmt":"2015-11-04T18:12:02","slug":"888","status":"publish","type":"post","link":"https:\/\/www.sprunginsleben.de\/?p=888&lang=es","title":{"rendered":"Luis Lima"},"content":{"rendered":"<p>Luis Lima es de Quito. Con solo un a\u00f1o de edad, el ni\u00f1o tuvo un accidente de tr\u00e1fico y perdi\u00f3 la pie debajo de su rodilla. En maio 2014, con dos\u00a0a\u00f1os y medio, financiamos una pr\u00f3tesis para el.<!--more-->Luis termin\u00f3 la fisioterapia con suceso y\u00a0 vive bien con su pr\u00f3tesis de pie.<\/p>\n<p><a href=\"https:\/\/www.sprunginsleben.de\/wp-content\/uploads\/2015\/11\/Luis_Dimitri.jpg\"><img decoding=\"async\" loading=\"lazy\" class=\"alignleft wp-image-889\" src=\"https:\/\/www.sprunginsleben.de\/wp-content\/uploads\/2015\/11\/Luis_Dimitri.jpg\" alt=\"Luis_Dimitri\" width=\"163\" height=\"259\" srcset=\"https:\/\/www.sprunginsleben.de\/wp-content\/uploads\/2015\/11\/Luis_Dimitri.jpg 226w, https:\/\/www.sprunginsleben.de\/wp-content\/uploads\/2015\/11\/Luis_Dimitri-188x300.jpg 188w\" sizes=\"(max-width: 163px) 100vw, 163px\" \/><\/a> <a href=\"https:\/\/www.sprunginsleben.de\/wp-content\/uploads\/2015\/11\/Luis_mit_Prothese.jpg\"><img decoding=\"async\" loading=\"lazy\" class=\"alignleft wp-image-890\" src=\"https:\/\/www.sprunginsleben.de\/wp-content\/uploads\/2015\/11\/Luis_mit_Prothese.jpg\" alt=\"Luis_mit_Prothese\" width=\"187\" height=\"261\" srcset=\"https:\/\/www.sprunginsleben.de\/wp-content\/uploads\/2015\/11\/Luis_mit_Prothese.jpg 258w, https:\/\/www.sprunginsleben.de\/wp-content\/uploads\/2015\/11\/Luis_mit_Prothese-215x300.jpg 215w\" sizes=\"(max-width: 187px) 100vw, 187px\" \/><\/a><\/p>\n","protected":false},"excerpt":{"rendered":"<p>Luis Lima es de Quito. Con solo un a\u00f1o de edad, el ni\u00f1o tuvo un accidente de tr\u00e1fico y perdi\u00f3 la pie debajo de su rodilla. En maio 2014, con dos\u00a0a\u00f1os y medio, financiamos una pr\u00f3tesis para el.<\/p>\n","protected":false},"author":1,"featured_media":0,"comment_status":"closed","ping_status":"closed","sticky":false,"template":"","format":"standard","meta":{"_uag_custom_page_level_css":""},"categories":[16],"tags":[],"uagb_featured_image_src":{"full":false,"thumbnail":false,"medium":false,"medium_large":false,"large":false,"1536x1536":false,"2048x2048":false,"charity-fundraiser-homepage-thumb":false},"uagb_author_info":{"display_name":"bartberger","author_link":"https:\/\/www.sprunginsleben.de\/?author=1"},"uagb_comment_info":0,"uagb_excerpt":"Luis Lima es de Quito. Con solo un a\u00f1o de edad, el ni\u00f1o tuvo un accidente de tr\u00e1fico y perdi\u00f3 la pie debajo de su rodilla. En maio 2014, con dos\u00a0a\u00f1os y medio, financiamos una pr\u00f3tesis para el.","_links":{"self":[{"href":"https:\/\/www.sprunginsleben.de\/index.php?rest_route=\/wp\/v2\/posts\/888"}],"collection":[{"href":"https:\/\/www.sprunginsleben.de\/index.php?rest_route=\/wp\/v2\/posts"}],"about":[{"href":"https:\/\/www.sprunginsleben.de\/index.php?rest_route=\/wp\/v2\/types\/post"}],"author":[{"embeddable":true,"href":"https:\/\/www.sprunginsleben.de\/index.php?rest_route=\/wp\/v2\/users\/1"}],"replies":[{"embeddable":true,"href":"https:\/\/www.sprunginsleben.de\/index.php?rest_route=%2Fwp%2Fv2%2Fcomments&post=888"}],"version-history":[{"count":0,"href":"https:\/\/www.sprunginsleben.de\/index.php?rest_route=\/wp\/v2\/posts\/888\/revisions"}],"wp:attachment":[{"href":"https:\/\/www.sprunginsleben.de\/index.php?rest_route=%2Fwp%2Fv2%2Fmedia&parent=888"}],"wp:term":[{"taxonomy":"category","embeddable":true,"href":"https:\/\/www.sprunginsleben.de\/index.php?rest_route=%2Fwp%2Fv2%2Fcategories&post=888"},{"taxonomy":"post_tag","embeddable":true,"href":"https:\/\/www.sprunginsleben.de\/index.php?rest_route=%2Fwp%2Fv2%2Ftags&post=888"}],"curies":[{"name":"wp","href":"https:\/\/api.w.org\/{rel}","templated":true}]}}